{"id":2962,"date":"2018-05-30T18:03:03","date_gmt":"2018-05-30T21:03:03","guid":{"rendered":"http:\/\/www.matanza.com.br\/?p=2962"},"modified":"2018-05-30T18:03:03","modified_gmt":"2018-05-30T21:03:03","slug":"ergam-seus-copos-por-quem-vai-partir","status":"publish","type":"post","link":"https:\/\/matanza.com.br\/?p=2962","title":{"rendered":"Ergam seus copos por quem vai partir!"},"content":{"rendered":"<div id=\"post-entry-excerpt-2962\" class=\"entry-part\"><p>#O DERRADEIRO MATANZA FEST#<\/p>\n<p>E o MATANZA FEST chega em 2018 \u00e0 sua sexta e \u00faltima edi\u00e7\u00e3o.<\/p>\n<p>&#8211; \u00daltima?<\/p>\n<p>Sim, a \u00faltima.<\/p>\n<p>A banda encerrar\u00e1 suas atividades no final de outubro.<\/p>\n<p>&#8211; Por qu\u00ea?<\/p>\n<p>Porque foram 22 anos de trabalho ininterruptos, em que o Matanza foi uma prioridade absoluta em nossas vidas.<\/p>\n<p>S\u00f3 temos a agradecer ao Destino pela oportunidade de fazer m\u00fasica e lev\u00e1-la aos quatro cantos do nosso pa\u00eds.<\/p>\n<p>Temos muito orgulho dos amigos que fizemos e das parcerias que consolidamos, que tanto nos deram alegrias como nos fortaleceram.<\/p>\n<p>Mas estamos finalizando os trabalhos com o Matanza justamente para que possamos ver e fazer as coisas de um jeito diferente.<\/p>\n<p>Existem quest\u00f5es pessoais que precisam ser atendidas, possibilidades profissionais que precisam ser contempladas e necessidades art\u00edsticas que nos levam \u00e0 caminhos distintos.<\/p>\n<p>Por isso n\u00e3o h\u00e1 m\u00e1goa nem tristeza nessa resolu\u00e7\u00e3o mas, sim, um grande entusiasmo pelo que est\u00e1 por vir.<\/p>\n<p>\u00c9 importante dizer que todos os shows que est\u00e3o marcados ser\u00e3o cumpridos normalmente.<\/p>\n<p>Inclusive esperamos todos nessa mini tour de despedida, que come\u00e7a agora em julho, na sexta e \u00faltima edi\u00e7\u00e3o do Matanza Fest.<\/p>\n<p>Ser\u00e3o 4 datas: PORTO ALEGRE 07\/7, S\u00c3O PAULO 21\/7, JUIZ DE FORA (MG) 27\/7 e RIO DE JANEIRO 28\/7<\/p>\n<p>Vamos anunciar a escala\u00e7\u00e3o do Festival em breve, mas podemos adiantar que teremos conosco, OLHO SECO, GOLPE de ESTADO e PANIC.<\/p>\n<p>Atenciosamente,<\/p>\n<p>MATANZA &#038; MTZ Produ\u00e7\u00f5es<\/p>\n<\/div><div id=\"post-footer-2962\" class=\"post-footer clear\"><\/div>","protected":false},"excerpt":{"rendered":"<p>#O DERRADEIRO MATANZA FEST# E o MATANZA FEST chega em 2018 \u00e0 sua sexta e \u00faltima edi\u00e7\u00e3o. &#8211; \u00daltima? Sim, a \u00faltima. A banda encerrar\u00e1 suas atividades no final de outubro. &#8211; Por qu\u00ea? Porque foram 22 anos de trabalho ininterruptos, em que o Matanza foi uma prioridade absoluta em nossas vidas. S\u00f3 temos a [&hellip;]<\/p>\n","protected":false},"author":2,"featured_media":0,"comment_status":"closed","ping_status":"closed","sticky":false,"template":"","format":"standard","meta":[],"categories":[1],"tags":[],"acf":[],"_links":{"self":[{"href":"https:\/\/matanza.com.br\/index.php?rest_route=\/wp\/v2\/posts\/2962"}],"collection":[{"href":"https:\/\/matanza.com.br\/index.php?rest_route=\/wp\/v2\/posts"}],"about":[{"href":"https:\/\/matanza.com.br\/index.php?rest_route=\/wp\/v2\/types\/post"}],"author":[{"embeddable":true,"href":"https:\/\/matanza.com.br\/index.php?rest_route=\/wp\/v2\/users\/2"}],"replies":[{"embeddable":true,"href":"https:\/\/matanza.com.br\/index.php?rest_route=%2Fwp%2Fv2%2Fcomments&post=2962"}],"version-history":[{"count":1,"href":"https:\/\/matanza.com.br\/index.php?rest_route=\/wp\/v2\/posts\/2962\/revisions"}],"predecessor-version":[{"id":2963,"href":"https:\/\/matanza.com.br\/index.php?rest_route=\/wp\/v2\/posts\/2962\/revisions\/2963"}],"wp:attachment":[{"href":"https:\/\/matanza.com.br\/index.php?rest_route=%2Fwp%2Fv2%2Fmedia&parent=2962"}],"wp:term":[{"taxonomy":"category","embeddable":true,"href":"https:\/\/matanza.com.br\/index.php?rest_route=%2Fwp%2Fv2%2Fcategories&post=2962"},{"taxonomy":"post_tag","embeddable":true,"href":"https:\/\/matanza.com.br\/index.php?rest_route=%2Fwp%2Fv2%2Ftags&post=2962"}],"curies":[{"name":"wp","href":"https:\/\/api.w.org\/{rel}","templated":true}]}}